{"id":11557,"date":"2025-11-06T13:31:37","date_gmt":"2025-11-06T12:31:37","guid":{"rendered":"https:\/\/ariva.ag\/?p=11557"},"modified":"2025-11-12T22:42:56","modified_gmt":"2025-11-12T21:42:56","slug":"kieler-tech-talk-im-fokus-ein-voller-erfolg-%f0%9f%92%aa","status":"publish","type":"post","link":"https:\/\/ariva.ag\/sv\/kieler-tech-talk-im-fokus-ein-voller-erfolg-%f0%9f%92%aa\/","title":{"rendered":"Kieler Tech Prata i fokus: En full framg\u00e5ng!"},"content":{"rendered":"<div style=\"height:48px\" aria-hidden=\"true\" class=\"wp-block-spacer\"><\/div><div class=\"wp-block-columns is-layout-flex wp-container-core-columns-is-layout-28f84493 wp-block-columns-is-layout-flex\">\n<div class=\"wp-block-column is-layout-flow wp-block-column-is-layout-flow\">\n<figure class=\"wp-block-image size-large\"><img loading=\"lazy\" decoding=\"async\" width=\"1024\" height=\"546\" src=\"https:\/\/ariva.ag\/wp-content\/uploads\/2025\/11\/News_TechTalk_2025-1024x546.png\" alt=\"Tech Talk mit vollem Haus\" class=\"wp-image-11353\" srcset=\"https:\/\/ariva.ag\/wp-content\/uploads\/2025\/11\/News_TechTalk_2025-1024x546.png 1024w, https:\/\/ariva.ag\/wp-content\/uploads\/2025\/11\/News_TechTalk_2025-300x160.png 300w, https:\/\/ariva.ag\/wp-content\/uploads\/2025\/11\/News_TechTalk_2025-768x410.png 768w, https:\/\/ariva.ag\/wp-content\/uploads\/2025\/11\/News_TechTalk_2025-1536x819.png 1536w, https:\/\/ariva.ag\/wp-content\/uploads\/2025\/11\/News_TechTalk_2025-2048x1092.png 2048w\" sizes=\"auto, (max-width: 1024px) 100vw, 1024px\"\/><\/figure>\n<\/div>\n<\/div><p>Am Am &#xE4;r <strong>4. november 2025<\/strong> hittad i <strong>COBL fr&#xE5;n Opencampus. Skr&#xE4;ck<\/strong> I Kiel <strong>Ariova<\/strong> Spun <strong>Tech Talk<\/strong> om &#xE4;mnet <em>AI-baserad mjukvaruutveckling &#x301;<\/em> att &auml;ga rum. Even<span class=\"\"  data-mobile-support=\"0\"  data-gt-translate-attributes='[{\"attribute\":\"data-cmtooltip\", \"format\":\"html\"}]' tabindex='0' role='link'>ema<\/span>nget organiserades av <strong>KI.SH <\/strong>och <strong>Opencampus.sh<\/strong> organiserade och erbj&#xF6;d en sp&#xE4;nnande plattform f&#xF6;r yrkesverksamma, utvecklare: insiders och intresserade parter som ville utbyta id&#xE9;er om den senaste utvecklingen, verktyg och applikationsscenarier inom artificiell intelligens.<\/p><p>Even<span class=\"\"  data-mobile-support=\"0\"  data-gt-translate-attributes='[{\"attribute\":\"data-cmtooltip\", \"format\":\"html\"}]' tabindex='0' role='link'>ema<\/span>nget var med m&aring;nga deltagare <strong>postat<\/strong>hum&#xF6;ret <strong>Energi energi<\/strong> och professionellt utbyte p&#xE5; h&#xF6;g niv&#xE5;. V&#xE5;ra utvecklare: Inne i ARIVA var naturligtvis involverade och m&#xE5;nga <strong>v&#xE4;rdefulla impulser<\/strong> och <strong>Inspiration f&#xF6;r ditt eget arbete<\/strong> Ta det.<\/p><p>S&#xE4;rskilt tack <strong>Steffen Brandt<\/strong>, <strong>Thies Sch&#xF6;nfeldt<\/strong> och <strong>Marie-Louisa Borchardt<\/strong>som har bidragit avg&ouml;rande till eftermiddagens framg&aring;ng med sitt engag<span class=\"\"  data-mobile-support=\"0\"  data-gt-translate-attributes='[{\"attribute\":\"data-cmtooltip\", \"format\":\"html\"}]' tabindex='0' role='link'>ema<\/span>ng och sin organisation.<\/p><p>n&#xE4;ra samarbete mellan <strong>Ariova<\/strong> och <strong>KI.SH<\/strong> spelar en central roll: Tillsammans fr&#xE4;mjar vi utbytet mellan f&#xF6;retag och forskning f&#xF6;r att utveckla innovativ teknik i praktiken. Partnerskapsl&#xE4;nken st&#xE4;rker inte bara innovationsplatsen Schleswig-Holstein utan skapar ocks&#xE5; ett verkligt merv&#xE4;rde f&#xF6;r f&#xF6;retag som &#xE4;r beroende av framtida data- och AI-l&#xF6;sningar.<\/p><p>Vi ser fram emot <strong>Forts&#xE4;tter Tech-Talk serien<\/strong>, som forts&#xE4;tter att belysa sp&#xE4;nnande &#xE4;mnen fr&#xE5;n praktiken. Nya id&#xE9;er och f&#xF6;rslag &#xE4;r v&#xE4;lkomna &#x2013; era impulser driver samh&#xE4;llet fram&#xE5;t!<\/p><p>Mer information om programmet och de kommande h&#xE4;ndelserna finns p&#xE5; webbplatser <a href=\"https:\/\/opencampus.sh\">Opencampus.sh<\/a> och <a href=\"https:\/\/kuenstliche-intelligenz.sh\/\">KI.SH<\/a>. Hitta alla v&#xE5;ra Ntzwerkpartners <a href=\"https:\/\/ariva.ag\/inside\/\">h&#xE4;r h&#xE4;r h&#xE4;r<\/a>.<br><\/p><div class=\"wp-block-columns is-layout-flex wp-container-core-columns-is-layout-28f84493 wp-block-columns-is-layout-flex\">\n<div class=\"wp-block-column is-layout-flow wp-block-column-is-layout-flow\"><\/div>\n<\/div><p><\/p>","protected":false},"excerpt":{"rendered":"<p>Den 4.11.25, Tech Talk, sponsrad av ARIVA, h&ouml;lls p&aring; COBL av opencampus.sh i Kiel om &auml;mnet &quot;KI-st&ouml;dd mjukvaruutveckling&quot;. L&auml;r dig mer.<\/p>\n","protected":false},"author":2,"featured_media":11353,"comment_status":"closed","ping_status":"open","sticky":false,"template":"singlePlain","format":"standard","meta":{"content-type":"","footnotes":""},"categories":[11,36,40],"tags":[],"class_list":["post-11557","post","type-post","status-publish","format-standard","has-post-thumbnail","hentry","category-ariva-news","category-ariva-news-data","category-ariva-news-events"],"yoast_head":"<!-- This site is optimized with the Yoast SEO Premium plugin v27.4 (Yoast SEO v27.4) - https:\/\/yoast.com\/product\/yoast-seo-premium-wordpress\/ -->\n<title>Kieler Tech Prata i fokus: En full framg\u00e5ng!<\/title>\n<meta name=\"description\" content=\"Kieler Tech Prata i fokus: En full framg\u00e5ng!\" \/>\n<meta name=\"robots\" content=\"index, follow, max-snippet:-1, max-image-preview:large, max-video-preview:-1\" \/>\n<link rel=\"canonical\" href=\"https:\/\/ariva.ag\/sv\/kieler-tech-talk-im-fokus-ein-voller-erfolg-\ud83d\udcaa\/\" \/>\n<meta property=\"og:locale\" content=\"sv_SE\" \/>\n<meta property=\"og:locale:alternate\" content=\"de_DE\" \/>\n<meta property=\"og:locale:alternate\" content=\"en_UK\" \/>\n<meta property=\"og:locale:alternate\" content=\"da_DK\" \/>\n<meta property=\"og:type\" content=\"article\" \/>\n<meta property=\"og:title\" content=\"Kieler Tech Prata i fokus: En full framg\u00e5ng!\" \/>\n<meta property=\"og:description\" content=\"Kieler Tech Prata i fokus: En full framg\u00e5ng!\" \/>\n<meta property=\"og:url\" content=\"https:\/\/ariva.ag\/sv\/kieler-tech-talk-im-fokus-ein-voller-erfolg-\ud83d\udcaa\/\" \/>\n<meta property=\"og:site_name\" content=\"ARIVA: Finanzdaten sind unser Business\" \/>\n<meta property=\"article:published_time\" content=\"2025-11-06T12:31:37+00:00\" \/>\n<meta property=\"article:modified_time\" content=\"2025-11-12T21:42:56+00:00\" \/>\n<meta property=\"og:image\" content=\"https:\/\/ariva.ag\/wp-content\/uploads\/2025\/11\/News_TechTalk_2025-scaled.png\" \/>\n\t<meta property=\"og:image:width\" content=\"2560\" \/>\n\t<meta property=\"og:image:height\" content=\"1366\" \/>\n\t<meta property=\"og:image:type\" content=\"image\/png\" \/>\n<meta name=\"author\" content=\"Kathrin G\u00fcttges\" \/>\n<meta name=\"twitter:card\" content=\"summary_large_image\" \/>\n<meta name=\"twitter:label1\" content=\"Skriven av\" \/>\n\t<meta name=\"twitter:data1\" content=\"Kathrin G\u00fcttges\" \/>\n\t<meta name=\"twitter:label2\" content=\"Ber\u00e4knad l\u00e4stid\" \/>\n\t<meta name=\"twitter:data2\" content=\"2 minuter\" \/>\n<script type=\"application\/ld+json\" class=\"yoast-schema-graph\">{\"@context\":\"https:\\\/\\\/schema.org\",\"@graph\":[{\"@type\":\"WebPage\",\"@id\":\"https:\\\/\\\/ariva.ag\\\/kieler-tech-talk-im-fokus-ein-voller-erfolg-%f0%9f%92%aa\\\/\",\"url\":\"https:\\\/\\\/ariva.ag\\\/kieler-tech-talk-im-fokus-ein-voller-erfolg-%f0%9f%92%aa\\\/\",\"name\":\"Kieler Tech Prata i fokus: En full framg\u00e5ng!\",\"isPartOf\":{\"@id\":\"https:\\\/\\\/ariva.ag\\\/#website\"},\"primaryImageOfPage\":{\"@id\":\"https:\\\/\\\/ariva.ag\\\/kieler-tech-talk-im-fokus-ein-voller-erfolg-%f0%9f%92%aa\\\/#primaryimage\"},\"image\":{\"@id\":\"https:\\\/\\\/ariva.ag\\\/kieler-tech-talk-im-fokus-ein-voller-erfolg-%f0%9f%92%aa\\\/#primaryimage\"},\"thumbnailUrl\":\"https:\\\/\\\/ariva.ag\\\/wp-content\\\/uploads\\\/2025\\\/11\\\/News_TechTalk_2025-scaled.png\",\"datePublished\":\"2025-11-06T12:31:37+00:00\",\"dateModified\":\"2025-11-12T21:42:56+00:00\",\"description\":\"Kieler Tech Prata i fokus: En full framg\u00e5ng!\",\"breadcrumb\":{\"@id\":\"https:\\\/\\\/ariva.ag\\\/kieler-tech-talk-im-fokus-ein-voller-erfolg-%f0%9f%92%aa\\\/#breadcrumb\"},\"inLanguage\":\"sv-SE\",\"potentialAction\":[{\"@type\":\"ReadAction\",\"target\":[\"https:\\\/\\\/ariva.ag\\\/kieler-tech-talk-im-fokus-ein-voller-erfolg-%f0%9f%92%aa\\\/\"]}]},{\"@type\":\"ImageObject\",\"inLanguage\":\"sv-SE\",\"@id\":\"https:\\\/\\\/ariva.ag\\\/kieler-tech-talk-im-fokus-ein-voller-erfolg-%f0%9f%92%aa\\\/#primaryimage\",\"url\":\"https:\\\/\\\/ariva.ag\\\/wp-content\\\/uploads\\\/2025\\\/11\\\/News_TechTalk_2025-scaled.png\",\"contentUrl\":\"https:\\\/\\\/ariva.ag\\\/wp-content\\\/uploads\\\/2025\\\/11\\\/News_TechTalk_2025-scaled.png\",\"width\":2560,\"height\":1366,\"caption\":\"Tech Talk mit vollem Haus\"},{\"@type\":\"BreadcrumbList\",\"@id\":\"https:\\\/\\\/ariva.ag\\\/kieler-tech-talk-im-fokus-ein-voller-erfolg-%f0%9f%92%aa\\\/#breadcrumb\",\"itemListElement\":[{\"@type\":\"ListItem\",\"position\":1,\"name\":\"Startseite\",\"item\":\"https:\\\/\\\/ariva.ag\\\/\"},{\"@type\":\"ListItem\",\"position\":2,\"name\":\"Kieler Tech Talk im Fokus: Ein voller Erfolg!\"}]},{\"@type\":\"WebSite\",\"@id\":\"https:\\\/\\\/ariva.ag\\\/#website\",\"url\":\"https:\\\/\\\/ariva.ag\\\/\",\"name\":\"ARIVA.AG\",\"description\":\"\",\"publisher\":{\"@id\":\"https:\\\/\\\/ariva.ag\\\/#organization\"},\"potentialAction\":[{\"@type\":\"SearchAction\",\"target\":{\"@type\":\"EntryPoint\",\"urlTemplate\":\"https:\\\/\\\/ariva.ag\\\/?s={search_term_string}\"},\"query-input\":{\"@type\":\"PropertyValueSpecification\",\"valueRequired\":true,\"valueName\":\"search_term_string\"}}],\"inLanguage\":\"sv-SE\"},{\"@type\":\"Organization\",\"@id\":\"https:\\\/\\\/ariva.ag\\\/#organization\",\"name\":\"ARIVA: Finanzdaten sind unser Business\",\"url\":\"https:\\\/\\\/ariva.ag\\\/\",\"logo\":{\"@type\":\"ImageObject\",\"inLanguage\":\"sv-SE\",\"@id\":\"https:\\\/\\\/ariva.ag\\\/#\\\/schema\\\/logo\\\/image\\\/\",\"url\":\"https:\\\/\\\/ariva.ag\\\/wp-content\\\/uploads\\\/2024\\\/08\\\/Ariva-AG-Logo.png\",\"contentUrl\":\"https:\\\/\\\/ariva.ag\\\/wp-content\\\/uploads\\\/2024\\\/08\\\/Ariva-AG-Logo.png\",\"width\":295,\"height\":88,\"caption\":\"ARIVA: Finanzdaten sind unser Business\"},\"image\":{\"@id\":\"https:\\\/\\\/ariva.ag\\\/#\\\/schema\\\/logo\\\/image\\\/\"},\"sameAs\":[\"https:\\\/\\\/de.linkedin.com\\\/company\\\/ariva-de-ag\"]}]}<\/script>\n<!-- \/ Yoast SEO Premium plugin. -->","yoast_head_json":{"title":"Kieler Tech Prata i fokus: En full framg\u00e5ng!","description":"[:de]Kieler Tech Talk im Fokus: Ein voller Erfolg![:en]Kieler Tech Talk in focus: A full success![:da]I n\u00e6rheden af Kieler Tech Tal med fokus: En fuld succes![:sv]Kieler Tech Prata i fokus: En full framg\u00e5ng![:]","robots":{"index":"index","follow":"follow","max-snippet":"max-snippet:-1","max-image-preview":"max-image-preview:large","max-video-preview":"max-video-preview:-1"},"canonical":"https:\/\/ariva.ag\/sv\/kieler-tech-talk-im-fokus-ein-voller-erfolg-\ud83d\udcaa\/","og_locale":"sv_SE","og_type":"article","og_title":"[:de]Kieler Tech Talk im Fokus: Ein voller Erfolg![:en]Kieler Tech Talk in focus: A full success![:da]I n\u00e6rheden af Kieler Tech Tal med fokus: En fuld succes![:sv]Kieler Tech Prata i fokus: En full framg\u00e5ng![:]","og_description":"[:de]Kieler Tech Talk im Fokus: Ein voller Erfolg![:en]Kieler Tech Talk in focus: A full success![:da]I n\u00e6rheden af Kieler Tech Tal med fokus: En fuld succes![:sv]Kieler Tech Prata i fokus: En full framg\u00e5ng![:]","og_url":"https:\/\/ariva.ag\/sv\/kieler-tech-talk-im-fokus-ein-voller-erfolg-\ud83d\udcaa\/","og_site_name":"ARIVA: Finanzdaten sind unser Business","article_published_time":"2025-11-06T12:31:37+00:00","article_modified_time":"2025-11-12T21:42:56+00:00","og_image":[{"width":2560,"height":1366,"url":"https:\/\/ariva.ag\/wp-content\/uploads\/2025\/11\/News_TechTalk_2025-scaled.png","type":"image\/png"}],"author":"Kathrin G\u00fcttges","twitter_card":"summary_large_image","twitter_misc":{"Skriven av":"Kathrin G\u00fcttges","Ber\u00e4knad l\u00e4stid":"2 minuter"},"schema":{"@context":"https:\/\/schema.org","@graph":[{"@type":"WebPage","@id":"https:\/\/ariva.ag\/kieler-tech-talk-im-fokus-ein-voller-erfolg-%f0%9f%92%aa\/","url":"https:\/\/ariva.ag\/kieler-tech-talk-im-fokus-ein-voller-erfolg-%f0%9f%92%aa\/","name":"Kieler Tech Prata i fokus: En full framg\u00e5ng!","isPartOf":{"@id":"https:\/\/ariva.ag\/#website"},"primaryImageOfPage":{"@id":"https:\/\/ariva.ag\/kieler-tech-talk-im-fokus-ein-voller-erfolg-%f0%9f%92%aa\/#primaryimage"},"image":{"@id":"https:\/\/ariva.ag\/kieler-tech-talk-im-fokus-ein-voller-erfolg-%f0%9f%92%aa\/#primaryimage"},"thumbnailUrl":"https:\/\/ariva.ag\/wp-content\/uploads\/2025\/11\/News_TechTalk_2025-scaled.png","datePublished":"2025-11-06T12:31:37+00:00","dateModified":"2025-11-12T21:42:56+00:00","description":"Kieler Tech Prata i fokus: En full framg\u00e5ng!","breadcrumb":{"@id":"https:\/\/ariva.ag\/kieler-tech-talk-im-fokus-ein-voller-erfolg-%f0%9f%92%aa\/#breadcrumb"},"inLanguage":"sv-SE","potentialAction":[{"@type":"ReadAction","target":["https:\/\/ariva.ag\/kieler-tech-talk-im-fokus-ein-voller-erfolg-%f0%9f%92%aa\/"]}]},{"@type":"ImageObject","inLanguage":"sv-SE","@id":"https:\/\/ariva.ag\/kieler-tech-talk-im-fokus-ein-voller-erfolg-%f0%9f%92%aa\/#primaryimage","url":"https:\/\/ariva.ag\/wp-content\/uploads\/2025\/11\/News_TechTalk_2025-scaled.png","contentUrl":"https:\/\/ariva.ag\/wp-content\/uploads\/2025\/11\/News_TechTalk_2025-scaled.png","width":2560,"height":1366,"caption":"Tech Talk mit vollem Haus"},{"@type":"BreadcrumbList","@id":"https:\/\/ariva.ag\/kieler-tech-talk-im-fokus-ein-voller-erfolg-%f0%9f%92%aa\/#breadcrumb","itemListElement":[{"@type":"ListItem","position":1,"name":"Startseite","item":"https:\/\/ariva.ag\/"},{"@type":"ListItem","position":2,"name":"Kieler Tech Talk im Fokus: Ein voller Erfolg!"}]},{"@type":"WebSite","@id":"https:\/\/ariva.ag\/#website","url":"https:\/\/ariva.ag\/","name":"ARIVA.AG","description":"","publisher":{"@id":"https:\/\/ariva.ag\/#organization"},"potentialAction":[{"@type":"SearchAction","target":{"@type":"EntryPoint","urlTemplate":"https:\/\/ariva.ag\/?s={search_term_string}"},"query-input":{"@type":"PropertyValueSpecification","valueRequired":true,"valueName":"search_term_string"}}],"inLanguage":"sv-SE"},{"@type":"Organization","@id":"https:\/\/ariva.ag\/#organization","name":"ARIVA: Finanzdaten sind unser Business","url":"https:\/\/ariva.ag\/","logo":{"@type":"ImageObject","inLanguage":"sv-SE","@id":"https:\/\/ariva.ag\/#\/schema\/logo\/image\/","url":"https:\/\/ariva.ag\/wp-content\/uploads\/2024\/08\/Ariva-AG-Logo.png","contentUrl":"https:\/\/ariva.ag\/wp-content\/uploads\/2024\/08\/Ariva-AG-Logo.png","width":295,"height":88,"caption":"ARIVA: Finanzdaten sind unser Business"},"image":{"@id":"https:\/\/ariva.ag\/#\/schema\/logo\/image\/"},"sameAs":["https:\/\/de.linkedin.com\/company\/ariva-de-ag"]}]}},"_links":{"self":[{"href":"https:\/\/ariva.ag\/sv\/wp-json\/wp\/v2\/posts\/11557","targetHints":{"allow":["GET"]}}],"collection":[{"href":"https:\/\/ariva.ag\/sv\/wp-json\/wp\/v2\/posts"}],"about":[{"href":"https:\/\/ariva.ag\/sv\/wp-json\/wp\/v2\/types\/post"}],"author":[{"embeddable":true,"href":"https:\/\/ariva.ag\/sv\/wp-json\/wp\/v2\/users\/2"}],"replies":[{"embeddable":true,"href":"https:\/\/ariva.ag\/sv\/wp-json\/wp\/v2\/comments?post=11557"}],"version-history":[{"count":5,"href":"https:\/\/ariva.ag\/sv\/wp-json\/wp\/v2\/posts\/11557\/revisions"}],"predecessor-version":[{"id":12140,"href":"https:\/\/ariva.ag\/sv\/wp-json\/wp\/v2\/posts\/11557\/revisions\/12140"}],"wp:featuredmedia":[{"embeddable":true,"href":"https:\/\/ariva.ag\/sv\/wp-json\/wp\/v2\/media\/11353"}],"wp:attachment":[{"href":"https:\/\/ariva.ag\/sv\/wp-json\/wp\/v2\/media?parent=11557"}],"wp:term":[{"taxonomy":"category","embeddable":true,"href":"https:\/\/ariva.ag\/sv\/wp-json\/wp\/v2\/categories?post=11557"},{"taxonomy":"post_tag","embeddable":true,"href":"https:\/\/ariva.ag\/sv\/wp-json\/wp\/v2\/tags?post=11557"}],"curies":[{"name":"wp","href":"https:\/\/api.w.org\/{rel}","templated":true}]}}