{"id":11557,"date":"2025-11-06T13:31:37","date_gmt":"2025-11-06T12:31:37","guid":{"rendered":"https:\/\/ariva.ag\/?p=11557"},"modified":"2025-11-12T22:42:56","modified_gmt":"2025-11-12T21:42:56","slug":"kieler-tech-talk-im-fokus-ein-voller-erfolg-%f0%9f%92%aa","status":"publish","type":"post","link":"https:\/\/ariva.ag\/da\/kieler-tech-talk-im-fokus-ein-voller-erfolg-%f0%9f%92%aa\/","title":{"rendered":"I n\u00e6rheden af Kieler Tech Tal med fokus: En fuld succes!"},"content":{"rendered":"<div style=\"height:48px\" aria-hidden=\"true\" class=\"wp-block-spacer\"><\/div><div class=\"wp-block-columns is-layout-flex wp-container-core-columns-is-layout-28f84493 wp-block-columns-is-layout-flex\">\n<div class=\"wp-block-column is-layout-flow wp-block-column-is-layout-flow\">\n<figure class=\"wp-block-image size-large\"><img loading=\"lazy\" decoding=\"async\" width=\"1024\" height=\"546\" src=\"https:\/\/ariva.ag\/wp-content\/uploads\/2025\/11\/News_TechTalk_2025-1024x546.png\" alt=\"Tech Talk mit vollem Haus\" class=\"wp-image-11353\" srcset=\"https:\/\/ariva.ag\/wp-content\/uploads\/2025\/11\/News_TechTalk_2025-1024x546.png 1024w, https:\/\/ariva.ag\/wp-content\/uploads\/2025\/11\/News_TechTalk_2025-300x160.png 300w, https:\/\/ariva.ag\/wp-content\/uploads\/2025\/11\/News_TechTalk_2025-768x410.png 768w, https:\/\/ariva.ag\/wp-content\/uploads\/2025\/11\/News_TechTalk_2025-1536x819.png 1536w, https:\/\/ariva.ag\/wp-content\/uploads\/2025\/11\/News_TechTalk_2025-2048x1092.png 2048w\" sizes=\"auto, (max-width: 1024px) 100vw, 1024px\"\/><\/figure>\n<\/div>\n<\/div><p>Am Am Am Am Am <strong>4. november 2025<\/strong> fundet i <strong>COBL ved &#xE5;bencampus. sh sh<\/strong> Lejligheder i Kiel <strong>ARIVA<\/strong> spun <strong>Tech Talk<\/strong> p&#xE5; emnet <em>&#x2018;AI-baseret softwareudvikling &#x2019;<\/em> at finde sted. Arrangementet blev arrangeret af <strong>KI.SH <\/strong>og og og <strong>&#xC5;ben campus.sh<\/strong> organiseret og tilbudt en sp&#xE6;ndende platform for professionelle, udviklere: insider og interesserede parter, der &#xF8;nskede at udveksle ideer om de nyeste udviklinger, v&#xE6;rkt&#xF8;jer og applikationscenarier inden for kunstig intelligens.<\/p><p>Arrangementet var med mange deltagere <strong>opsl&#xE5;et indl&#xE6;g<\/strong>stemningen <strong>energienergi<\/strong> og professionel udveksling p&#xE5; et h&#xF8;jt niveau. Vores udviklere: Inside ARIVA var selvf&#xF8;lgelig involveret og mange <strong>v&#xE6;rdifulde impulser<\/strong> og og og <strong>Inspiration til dit eget arbejde<\/strong> Tag det.<\/p><p>Special tak <strong>Steffen Brandt<\/strong>, <strong>Hoteller i n&#xE6;rheden af Thies Sch&#xF6;nfeldt<\/strong> og og og <strong>Marie-Louisa Borchardt<\/strong>, der har bidraget afg&#xF8;rende til eftermiddagens succes med deres engagement og organisation.<\/p><p>T&#xE6;t samarbejde mellem <strong>ARIVA<\/strong> og og og <strong>KI.SH<\/strong> spiller en central rolle: Sammen fremmer vi udvekslingen mellem erhvervslivet og forskning for at udvikle innovative teknologier inden for praksis. Dette partnersk<span class=\"\"  data-mobile-support=\"0\"  data-gt-translate-attributes='[{\"attribute\":\"data-cmtooltip\", \"format\":\"html\"}]' tabindex='0' role='link'>abs<\/span>link styrker ikke kun Schleswig-Holsteins innovationssted, men skaber ogs&aring; reel merv&aelig;rdi for virksomheder, der er afh&aelig;ngige af fremtidigerettede data og AI-l&oslash;sninger.<\/p><p>Vi gl&#xE6;der os til <strong>Fortsat Tech-Talk-serien<\/strong>, som fortsat vil belyse sp&aelig;ndende emner fra praksis. Nye id&eacute;er og forslag er velkomne &ndash; dine impulser k&oslash;rer samfundet fr<span class=\"\"  data-mobile-support=\"0\"  data-gt-translate-attributes='[{\"attribute\":\"data-cmtooltip\", \"format\":\"html\"}]' tabindex='0' role='link'>ema<\/span>d!<\/p><p>Flere oplysninger om programmet og de kommende begivenheder kan findes p&#xE5; hjemmesiderne p&#xE5; <a href=\"https:\/\/opencampus.sh\">&#xC5;ben campus.sh<\/a> og og og <a href=\"https:\/\/kuenstliche-intelligenz.sh\/\">KI.SH<\/a>. Find alle vores Ntzwerkpartners <a href=\"https:\/\/ariva.ag\/inside\/\">her her<\/a>.<br><\/p><div class=\"wp-block-columns is-layout-flex wp-container-core-columns-is-layout-28f84493 wp-block-columns-is-layout-flex\">\n<div class=\"wp-block-column is-layout-flow wp-block-column-is-layout-flow\"><\/div>\n<\/div><p><\/p>","protected":false},"excerpt":{"rendered":"<p>Den 4.11.25, Tech Talk, sponsoreret af ARIVA, blev afholdt p&aring; COBL af opencampus.sh i Kiel om emnet &quot;KI-st&oslash;ttet softwareudvikling&quot;. L&aelig;s mere.<\/p>\n","protected":false},"author":2,"featured_media":11353,"comment_status":"closed","ping_status":"open","sticky":false,"template":"singlePlain","format":"standard","meta":{"content-type":"","footnotes":""},"categories":[11,36,40],"tags":[],"class_list":["post-11557","post","type-post","status-publish","format-standard","has-post-thumbnail","hentry","category-ariva-news","category-ariva-news-data","category-ariva-news-events"],"yoast_head":"<!-- This site is optimized with the Yoast SEO Premium plugin v27.4 (Yoast SEO v27.4) - https:\/\/yoast.com\/product\/yoast-seo-premium-wordpress\/ -->\n<title>I n\u00e6rheden af Kieler Tech Tal med fokus: En fuld succes!<\/title>\n<meta name=\"description\" content=\"I n\u00e6rheden af Kieler Tech Tal med fokus: En fuld succes!\" \/>\n<meta name=\"robots\" content=\"index, follow, max-snippet:-1, max-image-preview:large, max-video-preview:-1\" \/>\n<link rel=\"canonical\" href=\"https:\/\/ariva.ag\/da\/kieler-tech-talk-im-fokus-ein-voller-erfolg-\ud83d\udcaa\/\" \/>\n<meta property=\"og:locale\" content=\"da_DK\" \/>\n<meta property=\"og:locale:alternate\" content=\"de_DE\" \/>\n<meta property=\"og:locale:alternate\" content=\"en_UK\" \/>\n<meta property=\"og:locale:alternate\" content=\"sv_SE\" \/>\n<meta property=\"og:type\" content=\"article\" \/>\n<meta property=\"og:title\" content=\"I n\u00e6rheden af Kieler Tech Tal med fokus: En fuld succes!\" \/>\n<meta property=\"og:description\" content=\"I n\u00e6rheden af Kieler Tech Tal med fokus: En fuld succes!\" \/>\n<meta property=\"og:url\" content=\"https:\/\/ariva.ag\/da\/kieler-tech-talk-im-fokus-ein-voller-erfolg-\ud83d\udcaa\/\" \/>\n<meta property=\"og:site_name\" content=\"ARIVA: Finanzdaten sind unser Business\" \/>\n<meta property=\"article:published_time\" content=\"2025-11-06T12:31:37+00:00\" \/>\n<meta property=\"article:modified_time\" content=\"2025-11-12T21:42:56+00:00\" \/>\n<meta property=\"og:image\" content=\"https:\/\/ariva.ag\/wp-content\/uploads\/2025\/11\/News_TechTalk_2025-scaled.png\" \/>\n\t<meta property=\"og:image:width\" content=\"2560\" \/>\n\t<meta property=\"og:image:height\" content=\"1366\" \/>\n\t<meta property=\"og:image:type\" content=\"image\/png\" \/>\n<meta name=\"author\" content=\"Kathrin G\u00fcttges\" \/>\n<meta name=\"twitter:card\" content=\"summary_large_image\" \/>\n<meta name=\"twitter:label1\" content=\"Skrevet af\" \/>\n\t<meta name=\"twitter:data1\" content=\"Kathrin G\u00fcttges\" \/>\n\t<meta name=\"twitter:label2\" content=\"Estimeret l\u00e6setid\" \/>\n\t<meta name=\"twitter:data2\" content=\"2 minutter\" \/>\n<script type=\"application\/ld+json\" class=\"yoast-schema-graph\">{\"@context\":\"https:\\\/\\\/schema.org\",\"@graph\":[{\"@type\":\"WebPage\",\"@id\":\"https:\\\/\\\/ariva.ag\\\/kieler-tech-talk-im-fokus-ein-voller-erfolg-%f0%9f%92%aa\\\/\",\"url\":\"https:\\\/\\\/ariva.ag\\\/kieler-tech-talk-im-fokus-ein-voller-erfolg-%f0%9f%92%aa\\\/\",\"name\":\"I n\u00e6rheden af Kieler Tech Tal med fokus: En fuld succes!\",\"isPartOf\":{\"@id\":\"https:\\\/\\\/ariva.ag\\\/#website\"},\"primaryImageOfPage\":{\"@id\":\"https:\\\/\\\/ariva.ag\\\/kieler-tech-talk-im-fokus-ein-voller-erfolg-%f0%9f%92%aa\\\/#primaryimage\"},\"image\":{\"@id\":\"https:\\\/\\\/ariva.ag\\\/kieler-tech-talk-im-fokus-ein-voller-erfolg-%f0%9f%92%aa\\\/#primaryimage\"},\"thumbnailUrl\":\"https:\\\/\\\/ariva.ag\\\/wp-content\\\/uploads\\\/2025\\\/11\\\/News_TechTalk_2025-scaled.png\",\"datePublished\":\"2025-11-06T12:31:37+00:00\",\"dateModified\":\"2025-11-12T21:42:56+00:00\",\"description\":\"I n\u00e6rheden af Kieler Tech Tal med fokus: En fuld succes!\",\"breadcrumb\":{\"@id\":\"https:\\\/\\\/ariva.ag\\\/kieler-tech-talk-im-fokus-ein-voller-erfolg-%f0%9f%92%aa\\\/#breadcrumb\"},\"inLanguage\":\"da-DK\",\"potentialAction\":[{\"@type\":\"ReadAction\",\"target\":[\"https:\\\/\\\/ariva.ag\\\/kieler-tech-talk-im-fokus-ein-voller-erfolg-%f0%9f%92%aa\\\/\"]}]},{\"@type\":\"ImageObject\",\"inLanguage\":\"da-DK\",\"@id\":\"https:\\\/\\\/ariva.ag\\\/kieler-tech-talk-im-fokus-ein-voller-erfolg-%f0%9f%92%aa\\\/#primaryimage\",\"url\":\"https:\\\/\\\/ariva.ag\\\/wp-content\\\/uploads\\\/2025\\\/11\\\/News_TechTalk_2025-scaled.png\",\"contentUrl\":\"https:\\\/\\\/ariva.ag\\\/wp-content\\\/uploads\\\/2025\\\/11\\\/News_TechTalk_2025-scaled.png\",\"width\":2560,\"height\":1366,\"caption\":\"Tech Talk mit vollem Haus\"},{\"@type\":\"BreadcrumbList\",\"@id\":\"https:\\\/\\\/ariva.ag\\\/kieler-tech-talk-im-fokus-ein-voller-erfolg-%f0%9f%92%aa\\\/#breadcrumb\",\"itemListElement\":[{\"@type\":\"ListItem\",\"position\":1,\"name\":\"Startseite\",\"item\":\"https:\\\/\\\/ariva.ag\\\/\"},{\"@type\":\"ListItem\",\"position\":2,\"name\":\"Kieler Tech Talk im Fokus: Ein voller Erfolg!\"}]},{\"@type\":\"WebSite\",\"@id\":\"https:\\\/\\\/ariva.ag\\\/#website\",\"url\":\"https:\\\/\\\/ariva.ag\\\/\",\"name\":\"ARIVA.AG\",\"description\":\"\",\"publisher\":{\"@id\":\"https:\\\/\\\/ariva.ag\\\/#organization\"},\"potentialAction\":[{\"@type\":\"SearchAction\",\"target\":{\"@type\":\"EntryPoint\",\"urlTemplate\":\"https:\\\/\\\/ariva.ag\\\/?s={search_term_string}\"},\"query-input\":{\"@type\":\"PropertyValueSpecification\",\"valueRequired\":true,\"valueName\":\"search_term_string\"}}],\"inLanguage\":\"da-DK\"},{\"@type\":\"Organization\",\"@id\":\"https:\\\/\\\/ariva.ag\\\/#organization\",\"name\":\"ARIVA: Finanzdaten sind unser Business\",\"url\":\"https:\\\/\\\/ariva.ag\\\/\",\"logo\":{\"@type\":\"ImageObject\",\"inLanguage\":\"da-DK\",\"@id\":\"https:\\\/\\\/ariva.ag\\\/#\\\/schema\\\/logo\\\/image\\\/\",\"url\":\"https:\\\/\\\/ariva.ag\\\/wp-content\\\/uploads\\\/2024\\\/08\\\/Ariva-AG-Logo.png\",\"contentUrl\":\"https:\\\/\\\/ariva.ag\\\/wp-content\\\/uploads\\\/2024\\\/08\\\/Ariva-AG-Logo.png\",\"width\":295,\"height\":88,\"caption\":\"ARIVA: Finanzdaten sind unser Business\"},\"image\":{\"@id\":\"https:\\\/\\\/ariva.ag\\\/#\\\/schema\\\/logo\\\/image\\\/\"},\"sameAs\":[\"https:\\\/\\\/de.linkedin.com\\\/company\\\/ariva-de-ag\"]}]}<\/script>\n<!-- \/ Yoast SEO Premium plugin. -->","yoast_head_json":{"title":"I n\u00e6rheden af Kieler Tech Tal med fokus: En fuld succes!","description":"[:de]Kieler Tech Talk im Fokus: Ein voller Erfolg![:en]Kieler Tech Talk in focus: A full success![:da]I n\u00e6rheden af Kieler Tech Tal med fokus: En fuld succes![:sv]Kieler Tech Prata i fokus: En full framg\u00e5ng![:]","robots":{"index":"index","follow":"follow","max-snippet":"max-snippet:-1","max-image-preview":"max-image-preview:large","max-video-preview":"max-video-preview:-1"},"canonical":"https:\/\/ariva.ag\/da\/kieler-tech-talk-im-fokus-ein-voller-erfolg-\ud83d\udcaa\/","og_locale":"da_DK","og_type":"article","og_title":"[:de]Kieler Tech Talk im Fokus: Ein voller Erfolg![:en]Kieler Tech Talk in focus: A full success![:da]I n\u00e6rheden af Kieler Tech Tal med fokus: En fuld succes![:sv]Kieler Tech Prata i fokus: En full framg\u00e5ng![:]","og_description":"[:de]Kieler Tech Talk im Fokus: Ein voller Erfolg![:en]Kieler Tech Talk in focus: A full success![:da]I n\u00e6rheden af Kieler Tech Tal med fokus: En fuld succes![:sv]Kieler Tech Prata i fokus: En full framg\u00e5ng![:]","og_url":"https:\/\/ariva.ag\/da\/kieler-tech-talk-im-fokus-ein-voller-erfolg-\ud83d\udcaa\/","og_site_name":"ARIVA: Finanzdaten sind unser Business","article_published_time":"2025-11-06T12:31:37+00:00","article_modified_time":"2025-11-12T21:42:56+00:00","og_image":[{"width":2560,"height":1366,"url":"https:\/\/ariva.ag\/wp-content\/uploads\/2025\/11\/News_TechTalk_2025-scaled.png","type":"image\/png"}],"author":"Kathrin G\u00fcttges","twitter_card":"summary_large_image","twitter_misc":{"Skrevet af":"Kathrin G\u00fcttges","Estimeret l\u00e6setid":"2 minutter"},"schema":{"@context":"https:\/\/schema.org","@graph":[{"@type":"WebPage","@id":"https:\/\/ariva.ag\/kieler-tech-talk-im-fokus-ein-voller-erfolg-%f0%9f%92%aa\/","url":"https:\/\/ariva.ag\/kieler-tech-talk-im-fokus-ein-voller-erfolg-%f0%9f%92%aa\/","name":"I n\u00e6rheden af Kieler Tech Tal med fokus: En fuld succes!","isPartOf":{"@id":"https:\/\/ariva.ag\/#website"},"primaryImageOfPage":{"@id":"https:\/\/ariva.ag\/kieler-tech-talk-im-fokus-ein-voller-erfolg-%f0%9f%92%aa\/#primaryimage"},"image":{"@id":"https:\/\/ariva.ag\/kieler-tech-talk-im-fokus-ein-voller-erfolg-%f0%9f%92%aa\/#primaryimage"},"thumbnailUrl":"https:\/\/ariva.ag\/wp-content\/uploads\/2025\/11\/News_TechTalk_2025-scaled.png","datePublished":"2025-11-06T12:31:37+00:00","dateModified":"2025-11-12T21:42:56+00:00","description":"I n\u00e6rheden af Kieler Tech Tal med fokus: En fuld succes!","breadcrumb":{"@id":"https:\/\/ariva.ag\/kieler-tech-talk-im-fokus-ein-voller-erfolg-%f0%9f%92%aa\/#breadcrumb"},"inLanguage":"da-DK","potentialAction":[{"@type":"ReadAction","target":["https:\/\/ariva.ag\/kieler-tech-talk-im-fokus-ein-voller-erfolg-%f0%9f%92%aa\/"]}]},{"@type":"ImageObject","inLanguage":"da-DK","@id":"https:\/\/ariva.ag\/kieler-tech-talk-im-fokus-ein-voller-erfolg-%f0%9f%92%aa\/#primaryimage","url":"https:\/\/ariva.ag\/wp-content\/uploads\/2025\/11\/News_TechTalk_2025-scaled.png","contentUrl":"https:\/\/ariva.ag\/wp-content\/uploads\/2025\/11\/News_TechTalk_2025-scaled.png","width":2560,"height":1366,"caption":"Tech Talk mit vollem Haus"},{"@type":"BreadcrumbList","@id":"https:\/\/ariva.ag\/kieler-tech-talk-im-fokus-ein-voller-erfolg-%f0%9f%92%aa\/#breadcrumb","itemListElement":[{"@type":"ListItem","position":1,"name":"Startseite","item":"https:\/\/ariva.ag\/"},{"@type":"ListItem","position":2,"name":"Kieler Tech Talk im Fokus: Ein voller Erfolg!"}]},{"@type":"WebSite","@id":"https:\/\/ariva.ag\/#website","url":"https:\/\/ariva.ag\/","name":"ARIVA.AG","description":"","publisher":{"@id":"https:\/\/ariva.ag\/#organization"},"potentialAction":[{"@type":"SearchAction","target":{"@type":"EntryPoint","urlTemplate":"https:\/\/ariva.ag\/?s={search_term_string}"},"query-input":{"@type":"PropertyValueSpecification","valueRequired":true,"valueName":"search_term_string"}}],"inLanguage":"da-DK"},{"@type":"Organization","@id":"https:\/\/ariva.ag\/#organization","name":"ARIVA: Finanzdaten sind unser Business","url":"https:\/\/ariva.ag\/","logo":{"@type":"ImageObject","inLanguage":"da-DK","@id":"https:\/\/ariva.ag\/#\/schema\/logo\/image\/","url":"https:\/\/ariva.ag\/wp-content\/uploads\/2024\/08\/Ariva-AG-Logo.png","contentUrl":"https:\/\/ariva.ag\/wp-content\/uploads\/2024\/08\/Ariva-AG-Logo.png","width":295,"height":88,"caption":"ARIVA: Finanzdaten sind unser Business"},"image":{"@id":"https:\/\/ariva.ag\/#\/schema\/logo\/image\/"},"sameAs":["https:\/\/de.linkedin.com\/company\/ariva-de-ag"]}]}},"_links":{"self":[{"href":"https:\/\/ariva.ag\/da\/wp-json\/wp\/v2\/posts\/11557","targetHints":{"allow":["GET"]}}],"collection":[{"href":"https:\/\/ariva.ag\/da\/wp-json\/wp\/v2\/posts"}],"about":[{"href":"https:\/\/ariva.ag\/da\/wp-json\/wp\/v2\/types\/post"}],"author":[{"embeddable":true,"href":"https:\/\/ariva.ag\/da\/wp-json\/wp\/v2\/users\/2"}],"replies":[{"embeddable":true,"href":"https:\/\/ariva.ag\/da\/wp-json\/wp\/v2\/comments?post=11557"}],"version-history":[{"count":5,"href":"https:\/\/ariva.ag\/da\/wp-json\/wp\/v2\/posts\/11557\/revisions"}],"predecessor-version":[{"id":12140,"href":"https:\/\/ariva.ag\/da\/wp-json\/wp\/v2\/posts\/11557\/revisions\/12140"}],"wp:featuredmedia":[{"embeddable":true,"href":"https:\/\/ariva.ag\/da\/wp-json\/wp\/v2\/media\/11353"}],"wp:attachment":[{"href":"https:\/\/ariva.ag\/da\/wp-json\/wp\/v2\/media?parent=11557"}],"wp:term":[{"taxonomy":"category","embeddable":true,"href":"https:\/\/ariva.ag\/da\/wp-json\/wp\/v2\/categories?post=11557"},{"taxonomy":"post_tag","embeddable":true,"href":"https:\/\/ariva.ag\/da\/wp-json\/wp\/v2\/tags?post=11557"}],"curies":[{"name":"wp","href":"https:\/\/api.w.org\/{rel}","templated":true}]}}